{"id":990,"date":"2025-05-19T12:57:12","date_gmt":"2025-05-19T12:57:12","guid":{"rendered":"https:\/\/adsrgeneva.ch\/?p=990"},"modified":"2025-12-26T09:38:56","modified_gmt":"2025-12-26T09:38:56","slug":"fete-des-grottes-2025","status":"publish","type":"post","link":"https:\/\/adsrgeneva.ch\/index.php\/2025\/05\/19\/fete-des-grottes-2025\/","title":{"rendered":"F\u00eate des grottes 2025"},"content":{"rendered":"\n<figure class=\"wp-block-image size-full\"><img loading=\"lazy\" decoding=\"async\" width=\"750\" height=\"930\" src=\"https:\/\/adsrgeneva.ch\/wp-content\/uploads\/2025\/05\/WhatsApp-Image-2025-05-16-at-19.00.04.jpeg\" alt=\"\" class=\"wp-image-992\" srcset=\"https:\/\/adsrgeneva.ch\/wp-content\/uploads\/2025\/05\/WhatsApp-Image-2025-05-16-at-19.00.04.jpeg 750w, https:\/\/adsrgeneva.ch\/wp-content\/uploads\/2025\/05\/WhatsApp-Image-2025-05-16-at-19.00.04-242x300.jpeg 242w\" sizes=\"auto, (max-width: 750px) 100vw, 750px\" \/><\/figure>\n\n\n\n<p>L&rsquo;ADSR sera ecore pr\u00e9sent cette ann\u00e9e pour la f\u00eate des Grottes.<br><br>Au programe: <br>&#8211; Lives modulaires ambient de 10h45 \u00e0 13h45<br>&#8211; Initiation au modulaires (gratuite) pour personnes d\u00e9butantes \u00e0 14h45<\/p>\n\n\n\n<p><\/p>\n","protected":false},"excerpt":{"rendered":"<p>L&rsquo;ADSR sera ecore pr\u00e9sent cette ann\u00e9e pour la f\u00eate des Grottes. Au programe: [&hellip;]<\/p>\n","protected":false},"author":1,"featured_media":991,"comment_status":"closed","ping_status":"","sticky":false,"template":"","format":"standard","meta":{"footnotes":""},"categories":[41,4],"tags":[46,50,40,51,49,16,37,29],"class_list":["post-990","post","type-post","status-publish","format-standard","has-post-thumbnail","hentry","category-autres-events","category-news","tag-adsr_geneva","tag-ambient","tag-eurorack","tag-grottes","tag-initiation","tag-live","tag-modulaire","tag-workshop"],"_links":{"self":[{"href":"https:\/\/adsrgeneva.ch\/index.php\/wp-json\/wp\/v2\/posts\/990","targetHints":{"allow":["GET"]}}],"collection":[{"href":"https:\/\/adsrgeneva.ch\/index.php\/wp-json\/wp\/v2\/posts"}],"about":[{"href":"https:\/\/adsrgeneva.ch\/index.php\/wp-json\/wp\/v2\/types\/post"}],"author":[{"embeddable":true,"href":"https:\/\/adsrgeneva.ch\/index.php\/wp-json\/wp\/v2\/users\/1"}],"replies":[{"embeddable":true,"href":"https:\/\/adsrgeneva.ch\/index.php\/wp-json\/wp\/v2\/comments?post=990"}],"version-history":[{"count":1,"href":"https:\/\/adsrgeneva.ch\/index.php\/wp-json\/wp\/v2\/posts\/990\/revisions"}],"predecessor-version":[{"id":993,"href":"https:\/\/adsrgeneva.ch\/index.php\/wp-json\/wp\/v2\/posts\/990\/revisions\/993"}],"wp:featuredmedia":[{"embeddable":true,"href":"https:\/\/adsrgeneva.ch\/index.php\/wp-json\/wp\/v2\/media\/991"}],"wp:attachment":[{"href":"https:\/\/adsrgeneva.ch\/index.php\/wp-json\/wp\/v2\/media?parent=990"}],"wp:term":[{"taxonomy":"category","embeddable":true,"href":"https:\/\/adsrgeneva.ch\/index.php\/wp-json\/wp\/v2\/categories?post=990"},{"taxonomy":"post_tag","embeddable":true,"href":"https:\/\/adsrgeneva.ch\/index.php\/wp-json\/wp\/v2\/tags?post=990"}],"curies":[{"name":"wp","href":"https:\/\/api.w.org\/{rel}","templated":true}]}}