{"id":536,"date":"2020-12-01T10:10:15","date_gmt":"2020-12-01T10:10:15","guid":{"rendered":"https:\/\/adsrgeneva.ch\/?p=536"},"modified":"2025-04-17T09:48:15","modified_gmt":"2025-04-17T09:48:15","slug":"ladsr-2016","status":"publish","type":"post","link":"https:\/\/adsrgeneva.ch\/index.php\/2020\/12\/01\/ladsr-2016\/","title":{"rendered":"L&rsquo;ADSR 2016"},"content":{"rendered":"\n<p>L&rsquo;\u00e9v\u00e9nement fondateur!<\/p>\n\n\n\n<p>La synth\u00e8se sonore \u00ab hardware \u00bb et plus particuli\u00e8rement les synth\u00e9tiseurs modulaires connaissent un essor sans pareil depuis les ann\u00e9es 60.<\/p>\n\n\n\n<p>A l&rsquo;heure ou <a href=\"http:\/\/buchla.com\/\" target=\"_blank\" rel=\"noreferrer noopener\">Buchla<\/a>, <a href=\"https:\/\/www.moogmusic.com\/\" target=\"_blank\" rel=\"noreferrer noopener\">Moog<\/a>, <a href=\"http:\/\/www.modcan.com\/\" target=\"_blank\" rel=\"noreferrer noopener\">Modcan<\/a> ou encore <a href=\"http:\/\/www.serge.synth.net\/\" target=\"_blank\" rel=\"noreferrer noopener\">Serge modular <\/a>\u00e9taient les figures embl\u00e9matiques du modulaire, le format Eurorack mis au point par Dieter <a href=\"http:\/\/www.doepfer.de\/home.htm\" target=\"_blank\" rel=\"noreferrer noopener\">Doepfer<\/a> a permis d\u2019uniformiser et d\u00e9mocratiser les syst\u00e8mes modulaires afin de les rendre accessible (aussi \u00e9conomiquement) au plus grand nombre.<\/p>\n\n\n\n<p>Villes europ\u00e9ennes et am\u00e9ricaines ont franchi le cap depuis bien des ann\u00e9es avec les diff\u00e9rents \u00e9v\u00e9nements tels que les <a href=\"http:\/\/hardwareinthewild.tumblr.com\/post\/130539524520\/modularonthespot\" target=\"_blank\" rel=\"noreferrer noopener\">pic-nic modulaires<\/a>, le <a href=\"http:\/\/knobcon.com\/\" target=\"_blank\" rel=\"noreferrer noopener\">Knobcon<\/a> de Chicago et le fameux <a href=\"https:\/\/www.superbooth.com\/en\/\" target=\"_blank\" rel=\"noreferrer noopener\">Superbooth<\/a> de Berlin. Il parait alors indispensable de cr\u00e9er une rencontre aussi en Suisse romande.<\/p>\n\n\n\n<p>Ainsi, <strong>le 26 novembre 2016<\/strong>, au Foound, \u00e0 Gen\u00e8ve, pourront se rencontrer les curieux, les d\u00e9sireux, les passionn\u00e9s et les fous de la synth\u00e8se sous toutes ses formes afin d\u2019apprendre, d\u2019\u00e9changer, de discuter et d\u00e9couvrir les diff\u00e9rentes mani\u00e8res d\u2019appr\u00e9hender la synth\u00e8se \u00e0 travers des conf\u00e9rences, des workshop, des performances et m\u00eame de l\u2019\u00e9change ou de la vente de modules et autres.<\/p>\n\n\n\n<h2 class=\"wp-block-heading\"><strong>Ashtag de l&rsquo;\u00e9v\u00e9nement:<\/strong> #adsr2016<\/h2>\n\n\n\n<p><\/p>\n","protected":false},"excerpt":{"rendered":"<p>L&rsquo;\u00e9v\u00e9nement fondateur! La synth\u00e8se sonore \u00ab hardware \u00bb et plus particuli\u00e8rement les synth\u00e9tiseurs [&hellip;]<\/p>\n","protected":false},"author":1,"featured_media":167,"comment_status":"open","ping_status":"open","sticky":false,"template":"","format":"standard","meta":{"footnotes":""},"categories":[41],"tags":[46,47,40,45,49,16,44,48,34,43,29],"class_list":["post-536","post","type-post","status-publish","format-standard","has-post-thumbnail","hentry","category-autres-events","tag-adsr_geneva","tag-association","tag-eurorack","tag-geneve","tag-initiation","tag-live","tag-modularsynth","tag-musique-electronique","tag-performance","tag-synthetiseur-modulaire","tag-workshop"],"_links":{"self":[{"href":"https:\/\/adsrgeneva.ch\/index.php\/wp-json\/wp\/v2\/posts\/536","targetHints":{"allow":["GET"]}}],"collection":[{"href":"https:\/\/adsrgeneva.ch\/index.php\/wp-json\/wp\/v2\/posts"}],"about":[{"href":"https:\/\/adsrgeneva.ch\/index.php\/wp-json\/wp\/v2\/types\/post"}],"author":[{"embeddable":true,"href":"https:\/\/adsrgeneva.ch\/index.php\/wp-json\/wp\/v2\/users\/1"}],"replies":[{"embeddable":true,"href":"https:\/\/adsrgeneva.ch\/index.php\/wp-json\/wp\/v2\/comments?post=536"}],"version-history":[{"count":2,"href":"https:\/\/adsrgeneva.ch\/index.php\/wp-json\/wp\/v2\/posts\/536\/revisions"}],"predecessor-version":[{"id":538,"href":"https:\/\/adsrgeneva.ch\/index.php\/wp-json\/wp\/v2\/posts\/536\/revisions\/538"}],"wp:featuredmedia":[{"embeddable":true,"href":"https:\/\/adsrgeneva.ch\/index.php\/wp-json\/wp\/v2\/media\/167"}],"wp:attachment":[{"href":"https:\/\/adsrgeneva.ch\/index.php\/wp-json\/wp\/v2\/media?parent=536"}],"wp:term":[{"taxonomy":"category","embeddable":true,"href":"https:\/\/adsrgeneva.ch\/index.php\/wp-json\/wp\/v2\/categories?post=536"},{"taxonomy":"post_tag","embeddable":true,"href":"https:\/\/adsrgeneva.ch\/index.php\/wp-json\/wp\/v2\/tags?post=536"}],"curies":[{"name":"wp","href":"https:\/\/api.w.org\/{rel}","templated":true}]}}