{"id":1046,"date":"2026-01-30T10:00:26","date_gmt":"2026-01-30T10:00:26","guid":{"rendered":"https:\/\/adsrgeneva.ch\/?p=1046"},"modified":"2026-01-30T10:00:26","modified_gmt":"2026-01-30T10:00:26","slug":"pic-nic-modulaire-a-la-jonquille-04-02-2026","status":"publish","type":"post","link":"https:\/\/adsrgeneva.ch\/index.php\/2026\/01\/30\/pic-nic-modulaire-a-la-jonquille-04-02-2026\/","title":{"rendered":"Pic-nic modulaire \u00e0 la Jonquille 04.02.2026"},"content":{"rendered":"\n<p><strong>PIC-NIC MODULAIRE \u2014 MERCREDI 4 F\u00c9VRIER 2026<\/strong><br><strong>ADSR_GVA<\/strong><\/p>\n\n\n\n<p>Th\u00e8me :\u00a0<strong>KRAFTWERK<\/strong><br><img loading=\"lazy\" decoding=\"async\" width=\"150\" height=\"84\" class=\"wp-image-1048\" style=\"width: 150px;\" src=\"https:\/\/adsrgeneva.ch\/wp-content\/uploads\/2026\/01\/0e3604b5d6adfc9a610eb2cc96f5fa93.avif\" alt=\"\" srcset=\"https:\/\/adsrgeneva.ch\/wp-content\/uploads\/2026\/01\/0e3604b5d6adfc9a610eb2cc96f5fa93.avif 862w, https:\/\/adsrgeneva.ch\/wp-content\/uploads\/2026\/01\/0e3604b5d6adfc9a610eb2cc96f5fa93-300x169.avif 300w, https:\/\/adsrgeneva.ch\/wp-content\/uploads\/2026\/01\/0e3604b5d6adfc9a610eb2cc96f5fa93-768x432.avif 768w, https:\/\/adsrgeneva.ch\/wp-content\/uploads\/2026\/01\/0e3604b5d6adfc9a610eb2cc96f5fa93-18x10.avif 18w\" sizes=\"auto, (max-width: 150px) 100vw, 150px\" \/><\/p>\n\n\n\n<p>Un nouveau Pic-nic Modulaire \u00e0 La Jonquille \u26a1<br>Toujours le m\u00eame principe : partager autour des synth\u00e9tiseurs modulaires, regarder, \u00e9couter, discuter, faire des blips et parfois de blops.<\/p>\n\n\n\n<p>\ud83d\udccd&nbsp;<strong>La Jonquille<\/strong><br>Chem. du 23-Ao\u00fbt 3, 1205 Gen\u00e8ve<\/p>\n\n\n\n<p>\ud83d\udd58&nbsp;<strong>18h00 \u2013 22h00<\/strong><\/p>\n\n\n\n<hr class=\"wp-block-separator has-alpha-channel-opacity\"\/>\n\n\n\n<h3 class=\"wp-block-heading\">Partie 1 \u2014 18h00<\/h3>\n\n\n\n<p><strong>Projection : \u201cQu\u2019est-ce que KRAFTWERK ?\u201d<\/strong><br>Un moment pour (re)plonger dans l\u2019univers de Kraftwerk : images, sons, machines, id\u00e9es.<br>Histoire, esth\u00e9tique, influence \u2014 de quoi poser le d\u00e9cor pour la suite de la soir\u00e9e.<\/p>\n\n\n\n<h3 class=\"wp-block-heading\">Partie 2 \u2014 19h00<\/h3>\n\n\n\n<p><strong>Temps d\u2019\u00e9change \/ discussion \/ installation<\/strong><br>On \u00e9change autour de la projection, on parle de synth\u00e9s, de nos doutes ou de nos inspirations et on installe tranquillement les setups.<br>Un temps ouvert et d\u00e9tendu pour se rencontrer et partager.<\/p>\n\n\n\n<h3 class=\"wp-block-heading\">Partie 3 \u2014 20h00<\/h3>\n\n\n\n<p><strong>Pic-nic Modulaire \u2014 Th\u00e8me : KRAFTWERK<\/strong><br>Viens proposer une courte performance autour du th\u00e8me :<br>s\u00e9quences, r\u00e9p\u00e9titions, minimalisme, rigueur, robotique, d\u00e9tournement\u2026 ou ce que Kraftwerk t\u2019\u00e9voque.<br>3 \u00e0 7 minutes pour pr\u00e9senter un patch, une id\u00e9e, une recherche ou une exp\u00e9rimentation.<br>Pas de pression : le but reste de partager et d\u2019explorer ensemble.<\/p>\n\n\n\n<h3 class=\"wp-block-heading\">Partie 4 \u2014 21h30<\/h3>\n\n\n\n<p><strong>Performance de Michel<\/strong><\/p>\n\n\n\n<p>Un chic-tip, membre de l\u2019ADSR, \u00e9videmment.<\/p>\n\n\n\n<hr class=\"wp-block-separator has-alpha-channel-opacity\"\/>\n\n\n\n<p>Que tu sois passionn\u00e9\u00b7e, d\u00e9butant\u00b7e ou simplement curieux\u00b7se, tu es le\u00b7la bienvenu\u00b7e.<br>Tu veux participer ? Contacte l\u2019<strong>ADSR_GVA<\/strong>.<br>Tu pr\u00e9f\u00e8res juste \u00e9couter et regarder ? Viens aussi !<\/p>\n\n\n\n<p>\ud83d\uddd3\ufe0f&nbsp;<strong>Mercredi 4 f\u00e9vrier 2026<\/strong><br>\ud83d\udccd&nbsp;<strong>La Jonquille (en bas)<\/strong><br>\ud83d\udd58&nbsp;<strong>18h00 \u2013 22h00<\/strong><br>\ud83d\udcb8&nbsp;<strong>Gratuit of course<\/strong><\/p>\n","protected":false},"excerpt":{"rendered":"<p>PIC-NIC MODULAIRE \u2014 MERCREDI 4 F\u00c9VRIER 2026ADSR_GVA Th\u00e8me :\u00a0KRAFTWERK Un nouveau Pic-nic Modulaire [&hellip;]<\/p>\n","protected":false},"author":1,"featured_media":1047,"comment_status":"closed","ping_status":"","sticky":false,"template":"","format":"standard","meta":{"footnotes":""},"categories":[4,31],"tags":[46,47,40,45,16,44,34,43],"class_list":["post-1046","post","type-post","status-publish","format-standard","has-post-thumbnail","hentry","category-news","category-picnics-modulaires","tag-adsr_geneva","tag-association","tag-eurorack","tag-geneve","tag-live","tag-modularsynth","tag-performance","tag-synthetiseur-modulaire"],"_links":{"self":[{"href":"https:\/\/adsrgeneva.ch\/index.php\/wp-json\/wp\/v2\/posts\/1046","targetHints":{"allow":["GET"]}}],"collection":[{"href":"https:\/\/adsrgeneva.ch\/index.php\/wp-json\/wp\/v2\/posts"}],"about":[{"href":"https:\/\/adsrgeneva.ch\/index.php\/wp-json\/wp\/v2\/types\/post"}],"author":[{"embeddable":true,"href":"https:\/\/adsrgeneva.ch\/index.php\/wp-json\/wp\/v2\/users\/1"}],"replies":[{"embeddable":true,"href":"https:\/\/adsrgeneva.ch\/index.php\/wp-json\/wp\/v2\/comments?post=1046"}],"version-history":[{"count":2,"href":"https:\/\/adsrgeneva.ch\/index.php\/wp-json\/wp\/v2\/posts\/1046\/revisions"}],"predecessor-version":[{"id":1050,"href":"https:\/\/adsrgeneva.ch\/index.php\/wp-json\/wp\/v2\/posts\/1046\/revisions\/1050"}],"wp:featuredmedia":[{"embeddable":true,"href":"https:\/\/adsrgeneva.ch\/index.php\/wp-json\/wp\/v2\/media\/1047"}],"wp:attachment":[{"href":"https:\/\/adsrgeneva.ch\/index.php\/wp-json\/wp\/v2\/media?parent=1046"}],"wp:term":[{"taxonomy":"category","embeddable":true,"href":"https:\/\/adsrgeneva.ch\/index.php\/wp-json\/wp\/v2\/categories?post=1046"},{"taxonomy":"post_tag","embeddable":true,"href":"https:\/\/adsrgeneva.ch\/index.php\/wp-json\/wp\/v2\/tags?post=1046"}],"curies":[{"name":"wp","href":"https:\/\/api.w.org\/{rel}","templated":true}]}}