{"id":1034,"date":"2025-12-02T15:58:16","date_gmt":"2025-12-02T15:58:16","guid":{"rendered":"https:\/\/adsrgeneva.ch\/?p=1034"},"modified":"2025-12-26T09:38:56","modified_gmt":"2025-12-26T09:38:56","slug":"pic-nic-modulaire-a-la-jonquille-03-12-2025","status":"publish","type":"post","link":"https:\/\/adsrgeneva.ch\/index.php\/2025\/12\/02\/pic-nic-modulaire-a-la-jonquille-03-12-2025\/","title":{"rendered":"Pic-nic modulaire \u00e0 la Jonquille 03.12.2025"},"content":{"rendered":"\n<figure class=\"wp-block-table\"><table class=\"has-fixed-layout\"><tbody><tr><td>Les Picnics Modulaires reviennent pour une deuxi\u00e8me \u00e9dition \u00e0 la Jonquille !<br><br>On te propose \u00e0 nouveau une soir\u00e9e ouverte autour du synth\u00e9tiseur modulaire, en trois temps, pour explorer, discuter, \u00e9couter et bidouiller ensemble.<br><br><strong>\ud83d\udcc5 Mardi 3 d\u00e9cembre<\/strong>\u00a0<strong>Partie 1 \u2014 18h00TALK : Pr\u00e9sentation du GVA Rack<\/strong><br>Une courte intro \u00e0\u00a0<em>GVA Rack<\/em>, la web-app pour g\u00e9rer tes modules, la vente de tes modules, tes patchs et \u00e9changer entre utilisateur\u00b7rice\u00b7x\u00b7s.<br><br><strong>Partie 2 \u2014 20h00Picnic Modulaire \u2014 Th\u00e8me :\u00a0\u201cUne addition \u00e0 104 HP\u201d<\/strong><br>Viens proposer une petite performance de 3 \u00e0 7 minutes autour de ce th\u00e8me : raconte-nous ton patch, tes choix, tes id\u00e9es, tes d\u00e9ceptions.<br>Pas besoin d\u2019avoir une case de 104 HP : pioche, ajoute, combine tes modules comme tu veux et fais ton addition (sans tout casser \ud83d\ude09). Le but reste simple : partager, exp\u00e9rimenter, d\u00e9couvrir.\u00a0<br><br><strong>Partie 3 \u2014 21h30Concert de Photoktet<\/strong><br>Parce que c\u2019est super.<br>Que tu sois passionn\u00e9\u00b7e\u00b7x, d\u00e9butant\u00b7e\u00b7x ou simplement curieux\u00b7se\u00b7x, tu es le\u00b7la\u00b7x bienvenu\u00b7e !<br>Tu veux participer ? Contacte l\u2019ADSR_GVA.<br>Tu pr\u00e9f\u00e8res juste \u00e9couter et regarder ? Viens aussi !<br><br>\ud83d\uddd3\ufe0f Date : Mercredi 3 d\u00e9cembre 2025<br>\ud83d\udccd Lieu : La Jonquille (en bas)<br>\ud83d\udd58 Heure : 18h00 &#8211; 22h00<br>$$$ C&rsquo;est gratuit of course<\/td><\/tr><\/tbody><\/table><\/figure>\n\n\n\n<figure class=\"wp-block-table\"><table class=\"has-fixed-layout\"><tbody><tr><td><\/td><\/tr><\/tbody><\/table><\/figure>\n","protected":false},"excerpt":{"rendered":"<p>Les Picnics Modulaires reviennent pour une deuxi\u00e8me \u00e9dition \u00e0 la Jonquille ! On [&hellip;]<\/p>\n","protected":false},"author":1,"featured_media":1037,"comment_status":"closed","ping_status":"","sticky":false,"template":"","format":"standard","meta":{"footnotes":""},"categories":[4,31],"tags":[46,47,40,45,16,44,34,43],"class_list":["post-1034","post","type-post","status-publish","format-standard","has-post-thumbnail","hentry","category-news","category-picnics-modulaires","tag-adsr_geneva","tag-association","tag-eurorack","tag-geneve","tag-live","tag-modularsynth","tag-performance","tag-synthetiseur-modulaire"],"_links":{"self":[{"href":"https:\/\/adsrgeneva.ch\/index.php\/wp-json\/wp\/v2\/posts\/1034","targetHints":{"allow":["GET"]}}],"collection":[{"href":"https:\/\/adsrgeneva.ch\/index.php\/wp-json\/wp\/v2\/posts"}],"about":[{"href":"https:\/\/adsrgeneva.ch\/index.php\/wp-json\/wp\/v2\/types\/post"}],"author":[{"embeddable":true,"href":"https:\/\/adsrgeneva.ch\/index.php\/wp-json\/wp\/v2\/users\/1"}],"replies":[{"embeddable":true,"href":"https:\/\/adsrgeneva.ch\/index.php\/wp-json\/wp\/v2\/comments?post=1034"}],"version-history":[{"count":3,"href":"https:\/\/adsrgeneva.ch\/index.php\/wp-json\/wp\/v2\/posts\/1034\/revisions"}],"predecessor-version":[{"id":1039,"href":"https:\/\/adsrgeneva.ch\/index.php\/wp-json\/wp\/v2\/posts\/1034\/revisions\/1039"}],"wp:featuredmedia":[{"embeddable":true,"href":"https:\/\/adsrgeneva.ch\/index.php\/wp-json\/wp\/v2\/media\/1037"}],"wp:attachment":[{"href":"https:\/\/adsrgeneva.ch\/index.php\/wp-json\/wp\/v2\/media?parent=1034"}],"wp:term":[{"taxonomy":"category","embeddable":true,"href":"https:\/\/adsrgeneva.ch\/index.php\/wp-json\/wp\/v2\/categories?post=1034"},{"taxonomy":"post_tag","embeddable":true,"href":"https:\/\/adsrgeneva.ch\/index.php\/wp-json\/wp\/v2\/tags?post=1034"}],"curies":[{"name":"wp","href":"https:\/\/api.w.org\/{rel}","templated":true}]}}