{"id":1016,"date":"2025-10-03T06:30:20","date_gmt":"2025-10-03T06:30:20","guid":{"rendered":"https:\/\/adsrgeneva.ch\/?p=1016"},"modified":"2025-12-26T09:38:56","modified_gmt":"2025-12-26T09:38:56","slug":"pic-nic-modulaire-a-la-jonquille-01-10-2025","status":"publish","type":"post","link":"https:\/\/adsrgeneva.ch\/index.php\/2025\/10\/03\/pic-nic-modulaire-a-la-jonquille-01-10-2025\/","title":{"rendered":"Pic-nic modulaire \u00e0 la Jonquille 01.10.2025"},"content":{"rendered":"\n<figure class=\"wp-block-table\"><table class=\"has-fixed-layout\"><tbody><tr><td>CE MERCREDI 1 OCTOBRE<br>L&rsquo;ADSR_GVA TE PROPOSE UN PIC-NIC MODULAIRE !<br><strong>Mercredi 1 octobre 2025<\/strong>\ud83d\udccd<strong>\u00a0La Jonquille<\/strong><br>Chem. du 23-Ao\u00fbt 3, 1205 Gen\u00e8ve<\/td><\/tr><\/tbody><\/table><\/figure>\n\n\n\n<figure class=\"wp-block-table\"><table class=\"has-fixed-layout\"><tbody><tr><td><em>Depuis la fermeture de notre regrett\u00e9<\/em>&nbsp;<em>Central Station<\/em>, l\u2019ADSR se retrouve sans lieu pour organiser nos c\u00e9l\u00e8bres&nbsp;<strong>pic-nics modulaires<\/strong>&nbsp;\u2013 ces moments si propices aux&nbsp;<strong>rencontres<\/strong>, aux&nbsp;<strong>d\u00e9couvertes<\/strong>&nbsp;et \u00e0&nbsp;<strong>l\u2019accueil de nouvelles et nouveaux membres<\/strong>.<br><br>Nous te proposons une rencontre ouverte et d\u00e9tendue autour du synth\u00e9tiseur modulaire et des musiques \u00e9lectroniques.<br><br>Que tu sois passionn\u00e9\u00b7e\u00b7x, d\u00e9butant\u00b7e\u00b7x ou simplement curieux\u00b7se\u00b7x, viens partager un moment d\u2019\u00e9changes, d\u2019exp\u00e9rimentations, d\u2019initiations, de petites performances et de d\u00e9couvertes sonores.<br><br>Tu poss\u00e8des un modulaire et aimerais participer \u00e0 un prochain Pic-nic ? Contact l&rsquo;ADSR_GVA !<br><br>Tu souhaites venir les mains dans les poches, participer passivement, t\u2019informer, voir &amp; \u00e9couter ? Viens!<br><br><br>**************************&nbsp;M<strong>ERCI DE BIEN LIRE SI TU VIENS<\/strong>&nbsp;***************************<br><br>Si tu veux faire une micro-performance (max.5-8min), le th\u00e8me de cette \u00e9dition est : \u00ab\u00a0Couleurs de bruits\u00a0\u00bb<br><br>Informations techniques si tu viens avec ton modulaire:&nbsp;Setup maximum &gt; 6U &#8211; 104HPN&rsquo;oublies pas ton alimentation et un casque audioPrends tes cables de patch et audio pour te brancher sur la table de mixage.<br><br>\ud83d\uddd3\ufe0f Date : Mercredi 1er octobre 2025<br>\ud83d\udccd Lieu : La Jonquille (en bas)<br>\ud83d\udd58 Heure : 18h00 &#8211; 22h00<br>Gratuit<\/td><\/tr><\/tbody><\/table><\/figure>\n","protected":false},"excerpt":{"rendered":"<p>CE MERCREDI 1 OCTOBREL&rsquo;ADSR_GVA TE PROPOSE UN PIC-NIC MODULAIRE !Mercredi 1 octobre 2025\ud83d\udccd\u00a0La [&hellip;]<\/p>\n","protected":false},"author":1,"featured_media":1017,"comment_status":"closed","ping_status":"","sticky":false,"template":"","format":"standard","meta":{"footnotes":""},"categories":[31],"tags":[46,52,40,49,44,34,43,29],"class_list":["post-1016","post","type-post","status-publish","format-standard","has-post-thumbnail","hentry","category-picnics-modulaires","tag-adsr_geneva","tag-debutante","tag-eurorack","tag-initiation","tag-modularsynth","tag-performance","tag-synthetiseur-modulaire","tag-workshop"],"_links":{"self":[{"href":"https:\/\/adsrgeneva.ch\/index.php\/wp-json\/wp\/v2\/posts\/1016","targetHints":{"allow":["GET"]}}],"collection":[{"href":"https:\/\/adsrgeneva.ch\/index.php\/wp-json\/wp\/v2\/posts"}],"about":[{"href":"https:\/\/adsrgeneva.ch\/index.php\/wp-json\/wp\/v2\/types\/post"}],"author":[{"embeddable":true,"href":"https:\/\/adsrgeneva.ch\/index.php\/wp-json\/wp\/v2\/users\/1"}],"replies":[{"embeddable":true,"href":"https:\/\/adsrgeneva.ch\/index.php\/wp-json\/wp\/v2\/comments?post=1016"}],"version-history":[{"count":2,"href":"https:\/\/adsrgeneva.ch\/index.php\/wp-json\/wp\/v2\/posts\/1016\/revisions"}],"predecessor-version":[{"id":1019,"href":"https:\/\/adsrgeneva.ch\/index.php\/wp-json\/wp\/v2\/posts\/1016\/revisions\/1019"}],"wp:featuredmedia":[{"embeddable":true,"href":"https:\/\/adsrgeneva.ch\/index.php\/wp-json\/wp\/v2\/media\/1017"}],"wp:attachment":[{"href":"https:\/\/adsrgeneva.ch\/index.php\/wp-json\/wp\/v2\/media?parent=1016"}],"wp:term":[{"taxonomy":"category","embeddable":true,"href":"https:\/\/adsrgeneva.ch\/index.php\/wp-json\/wp\/v2\/categories?post=1016"},{"taxonomy":"post_tag","embeddable":true,"href":"https:\/\/adsrgeneva.ch\/index.php\/wp-json\/wp\/v2\/tags?post=1016"}],"curies":[{"name":"wp","href":"https:\/\/api.w.org\/{rel}","templated":true}]}}