{"id":1008,"date":"2025-08-22T07:56:44","date_gmt":"2025-08-22T07:56:44","guid":{"rendered":"https:\/\/adsrgeneva.ch\/?p=1008"},"modified":"2025-12-26T09:38:56","modified_gmt":"2025-12-26T09:38:56","slug":"10-ans-de-la-distillerie-saconnex-darve","status":"publish","type":"post","link":"https:\/\/adsrgeneva.ch\/index.php\/2025\/08\/22\/10-ans-de-la-distillerie-saconnex-darve\/","title":{"rendered":"10 ans de la Distillerie Saconnex d&rsquo;Arve"},"content":{"rendered":"\n<figure class=\"wp-block-table\"><table class=\"has-fixed-layout\"><tbody><tr><td><strong>Samedi 23 ao\u00fbt 2025<\/strong><br>\ud83d\udccd<strong>\u00a0Distillerie de Saconnex-d\u2019Arve &#8211; 1228 Plan-les-Ouates<\/strong><\/td><\/tr><\/tbody><\/table><\/figure>\n\n\n\n<figure class=\"wp-block-table\"><table class=\"has-fixed-layout\"><tbody><tr><td><strong>Apr\u00e8s un \u00e9t\u00e9 de farniente, l\u2019ADSR_GENEVA remet le pied \u00e0 l\u2019\u00e9trier : c\u00e2bles dans les jacks, doigts sur les boutons, petits plats dans les grands\u2026 vous voyez le tableau ;)La Distillerie du Saconnex d\u2019Arve f\u00eate ses dix ans et nous fait confiance pour enrober son anniversaire d\u2019une touche sirupeuse de musique modulaire.<br><br>On a h\u00e2te !<\/strong><br><br>\u00a0<strong>AU PROGRAMME SAMEDI<\/strong><br><br>\ud83d\udd53\u00a0<em>16h \u00e0 19h<\/em>\u00a0: performances modulaires ambient-m\u00e9lodiques avec Michel, Giselh, Tempo Runde et Dieter-Dieter.<br>\u00a0<em>Nous serons aussi dispo pour \u00e9changer si vous avez des questions ou si vous voulez en savoir plus sur le modulaire ou l\u2019asso.<\/em><br><strong>\u00c0 samedi !!!<\/strong><\/td><\/tr><\/tbody><\/table><\/figure>\n","protected":false},"excerpt":{"rendered":"<p>Samedi 23 ao\u00fbt 2025\ud83d\udccd\u00a0Distillerie de Saconnex-d\u2019Arve &#8211; 1228 Plan-les-Ouates Apr\u00e8s un \u00e9t\u00e9 de [&hellip;]<\/p>\n","protected":false},"author":1,"featured_media":1009,"comment_status":"closed","ping_status":"","sticky":false,"template":"","format":"standard","meta":{"footnotes":""},"categories":[41,4],"tags":[46,47,40,45,16,44,48,34,43],"class_list":["post-1008","post","type-post","status-publish","format-standard","has-post-thumbnail","hentry","category-autres-events","category-news","tag-adsr_geneva","tag-association","tag-eurorack","tag-geneve","tag-live","tag-modularsynth","tag-musique-electronique","tag-performance","tag-synthetiseur-modulaire"],"_links":{"self":[{"href":"https:\/\/adsrgeneva.ch\/index.php\/wp-json\/wp\/v2\/posts\/1008","targetHints":{"allow":["GET"]}}],"collection":[{"href":"https:\/\/adsrgeneva.ch\/index.php\/wp-json\/wp\/v2\/posts"}],"about":[{"href":"https:\/\/adsrgeneva.ch\/index.php\/wp-json\/wp\/v2\/types\/post"}],"author":[{"embeddable":true,"href":"https:\/\/adsrgeneva.ch\/index.php\/wp-json\/wp\/v2\/users\/1"}],"replies":[{"embeddable":true,"href":"https:\/\/adsrgeneva.ch\/index.php\/wp-json\/wp\/v2\/comments?post=1008"}],"version-history":[{"count":3,"href":"https:\/\/adsrgeneva.ch\/index.php\/wp-json\/wp\/v2\/posts\/1008\/revisions"}],"predecessor-version":[{"id":1012,"href":"https:\/\/adsrgeneva.ch\/index.php\/wp-json\/wp\/v2\/posts\/1008\/revisions\/1012"}],"wp:featuredmedia":[{"embeddable":true,"href":"https:\/\/adsrgeneva.ch\/index.php\/wp-json\/wp\/v2\/media\/1009"}],"wp:attachment":[{"href":"https:\/\/adsrgeneva.ch\/index.php\/wp-json\/wp\/v2\/media?parent=1008"}],"wp:term":[{"taxonomy":"category","embeddable":true,"href":"https:\/\/adsrgeneva.ch\/index.php\/wp-json\/wp\/v2\/categories?post=1008"},{"taxonomy":"post_tag","embeddable":true,"href":"https:\/\/adsrgeneva.ch\/index.php\/wp-json\/wp\/v2\/tags?post=1008"}],"curies":[{"name":"wp","href":"https:\/\/api.w.org\/{rel}","templated":true}]}}